{"id":15310,"date":"2022-09-05T09:00:13","date_gmt":"2022-09-05T09:00:13","guid":{"rendered":"https:\/\/www.rppiscinas.com\/pt\/?p=15310"},"modified":"2022-08-26T11:33:33","modified_gmt":"2022-08-26T11:33:33","slug":"estamos-de-volta","status":"publish","type":"post","link":"https:\/\/www.rppiscinas.com\/pt\/estamos-de-volta\/","title":{"rendered":"Estamos de volta"},"content":{"rendered":"<div class='avia-image-container  av-styling-    avia-builder-el-0  el_before_av_heading  avia-builder-el-first   avia-align-center '  itemprop=\"image\" itemscope=\"itemscope\" itemtype=\"https:\/\/schema.org\/ImageObject\"  ><div class='avia-image-container-inner'><div class='avia-image-overlay-wrap'><img class='avia_image' src='https:\/\/www.rppiscinas.com\/pt\/wp-content\/uploads\/2022\/08\/Facebook_Soleo_regresso-ao-trabalho-1030x1030.png' alt='' title='Facebook_Soleo_regresso ao trabalho' height=\"1030\" width=\"1030\"  itemprop=\"thumbnailUrl\"  \/><\/div><\/div><\/div>\n<div style='padding-bottom:10px; ' class='av-special-heading av-special-heading-h3    avia-builder-el-1  el_after_av_image  el_before_av_textblock   '><h3 class='av-special-heading-tag '  itemprop=\"headline\"  >Estamos de volta<\/h3><div class='special-heading-border'><div class='special-heading-inner-border' ><\/div><\/div><\/div>\n<section class=\"av_textblock_section \"  itemscope=\"itemscope\" itemtype=\"https:\/\/schema.org\/BlogPosting\" itemprop=\"blogPost\" ><div class='avia_textblock  '   itemprop=\"text\" ><p>Depois de duas semanas de pausa para f\u00e9rias, a nossa equipa regressa em for\u00e7a, revitalizada e cheia de energia para lhe disponibilizar os melhores produtos e servi\u00e7os.<\/p>\n<p>Embora o ver\u00e3o esteja no fim, ainda haver\u00e3o fins de semanas convidativos a mergulhos e conv\u00edvios na sua piscina.<\/p>\n<p>Se, para si, regressar ao trabalho \u00e9 sempre uma tarefa dif\u00edcil e penosa, saiba que n\u00e3o \u00e9 o \u00fanico nesta situa\u00e7\u00e3o.\u00a0Jeroen Nawijn, psic\u00f3logo da Universidade de Ci\u00eancias Aplicadas de Breda, na Holanda, revelou no seu estudo que \u201cas pessoas sentem-se melhor durante as f\u00e9rias porque t\u00eam mais liberdade para fazer o que querem\u201d.<\/p>\n<p>As f\u00e9rias trazem-nos aquela sensa\u00e7\u00e3o \u00fanica de liberdade total, em rotinas e hor\u00e1rios. A ci\u00eancia explica que a falta de \u00e2nimo para retomar o trabalho est\u00e1 relacionada com a falta de liberdade para escolher o que quer fazer com o seu tempo, algo que fazia nas f\u00e9rias.\u00a0Ou seja, quando est\u00e1 a trabalhar tem de, obrigatoriamente, dedicar algumas horas do seu dia para determinadas fun\u00e7\u00f5es laborais, cujos hor\u00e1rios pr\u00e9-definidos contribuem para o esgotamento mental.<\/p>\n<p>A somar a isto, e particularmente para quem tem filhos, est\u00e1 o reajustar a novos ritmos familiares. Todo um novo n\u00famero de tarefas, de novos hor\u00e1rios e novas atividades para ajustar em conjunto, nem sempre \u00e9 f\u00e1cil.<\/p>\n<p>A nossa recomenda\u00e7\u00e3o \u00e9 que assuma uma postura mais positiva e que siga as dicas que apresentamos de seguida.<\/p>\n<p>A primeira dica que damos \u00e9 que estar sempre a pensar que as f\u00e9rias acabaram n\u00e3o ajuda: o melhor \u00e9 canalizar as energias renovadas para uma nova atividade. E pensar que para o ano h\u00e1 mais f\u00e9rias. Por que n\u00e3o come\u00e7ar j\u00e1 a plane\u00e1-las? Pode ser uma boa motiva\u00e7\u00e3o.<\/p>\n<p>Nos primeiros dias de trabalho, tente levantar-se um pouco mais cedo do que o necess\u00e1rio de modo a ter algum tempo para cuidar de si, tomar um bom pequeno-almo\u00e7o, sem pressas e saindo de casa com tempo.<\/p>\n<p>Ao regressar ao trabalho, retome tamb\u00e9m \u00e0s atividades que lhe d\u00e3o prazer, como a ida ao gin\u00e1sio ou caminhada ao final da tarde.<\/p>\n<p>E que tal prolongar o esp\u00edrito das f\u00e9rias? Pense j\u00e1 no pr\u00f3ximo fim de semana e organize um jantar com amigos.<\/p>\n<p>Sabia que ter uma recorda\u00e7\u00e3o das f\u00e9rias, como um objeto ou fotografias sempre consigo, ajudam a gerar emo\u00e7\u00f5es positivas?<\/p>\n<p>A boa disposi\u00e7\u00e3o a come\u00e7ar um dia de trabalho \u00e9 essencial para que os dias sejam mais agrad\u00e1veis, quer para si, quer para os seus colegas.<\/p>\n<p>E tente focar-se nos aspetos mais positivos e prazerosos do seu local de trabalho, tal como colegas de trabalho, contactar com pessoas ou com uma atividade de que goste, etc.<\/p>\n<p>Acima de tudo, n\u00e3o perca a motiva\u00e7\u00e3o e aproveite a sua piscina para renovar energias e prolongar aquele sentimento t\u00e3o \u00fanico e especial do ver\u00e3o.<\/p>\n<\/div><\/section>\n","protected":false},"excerpt":{"rendered":"<p>Este ano, entre os dias 22 de agosto e 3\u00a0de setembro, estaremos encerrados para f\u00e9rias. Voltamos ao ativo no dia 5 de setembro, com as energias renovadas e com toda a equipa motivada para lhe proporcionar os melhores produtos e servi\u00e7os.<\/p>\n","protected":false},"author":1,"featured_media":15311,"comment_status":"closed","ping_status":"closed","sticky":false,"template":"","format":"standard","meta":[],"categories":[42,88],"tags":[],"yoast_head":"<!-- This site is optimized with the Yoast SEO plugin v20.3 - https:\/\/yoast.com\/wordpress\/plugins\/seo\/ -->\n<title>Estamos de volta - Soleo Piscinas<\/title>\n<meta name=\"robots\" content=\"index, follow, max-snippet:-1, max-image-preview:large, max-video-preview:-1\" \/>\n<link rel=\"canonical\" href=\"https:\/\/www.rppiscinas.com\/pt\/estamos-de-volta\/\" \/>\n<meta property=\"og:locale\" content=\"pt_PT\" \/>\n<meta property=\"og:type\" content=\"article\" \/>\n<meta property=\"og:title\" content=\"Estamos de volta - Soleo Piscinas\" \/>\n<meta property=\"og:description\" content=\"Este ano, entre os dias 22 de agosto e 3\u00a0de setembro, estaremos encerrados para f\u00e9rias. Voltamos ao ativo no dia 5 de setembro, com as energias renovadas e com toda a equipa motivada para lhe proporcionar os melhores produtos e servi\u00e7os.\" \/>\n<meta property=\"og:url\" content=\"https:\/\/www.rppiscinas.com\/pt\/estamos-de-volta\/\" \/>\n<meta property=\"og:site_name\" content=\"Soleo Piscinas\" \/>\n<meta property=\"article:publisher\" content=\"https:\/\/www.facebook.com\/soleopiscinas\" \/>\n<meta property=\"article:published_time\" content=\"2022-09-05T09:00:13+00:00\" \/>\n<meta property=\"article:modified_time\" content=\"2022-08-26T11:33:33+00:00\" \/>\n<meta property=\"og:image\" content=\"https:\/\/www.rppiscinas.com\/pt\/wp-content\/uploads\/2022\/08\/Facebook_Soleo_regresso-ao-trabalho-1030x1030.png\" \/>\n\t<meta property=\"og:image:width\" content=\"1030\" \/>\n\t<meta property=\"og:image:height\" content=\"1030\" \/>\n\t<meta property=\"og:image:type\" content=\"image\/png\" \/>\n<meta name=\"author\" content=\"rpp\" \/>\n<meta name=\"twitter:label1\" content=\"Escrito por\" \/>\n\t<meta name=\"twitter:data1\" content=\"rpp\" \/>\n\t<meta name=\"twitter:label2\" content=\"Tempo estimado de leitura\" \/>\n\t<meta name=\"twitter:data2\" content=\"3 minutos\" \/>\n<script type=\"application\/ld+json\" class=\"yoast-schema-graph\">{\"@context\":\"https:\/\/schema.org\",\"@graph\":[{\"@type\":\"Article\",\"@id\":\"https:\/\/www.rppiscinas.com\/pt\/estamos-de-volta\/#article\",\"isPartOf\":{\"@id\":\"https:\/\/www.rppiscinas.com\/pt\/estamos-de-volta\/\"},\"author\":{\"name\":\"rpp\",\"@id\":\"https:\/\/www.rppiscinas.com\/pt\/#\/schema\/person\/ae5fe3a543cd3da0d07d7aef169197ff\"},\"headline\":\"Estamos de volta\",\"datePublished\":\"2022-09-05T09:00:13+00:00\",\"dateModified\":\"2022-08-26T11:33:33+00:00\",\"mainEntityOfPage\":{\"@id\":\"https:\/\/www.rppiscinas.com\/pt\/estamos-de-volta\/\"},\"wordCount\":674,\"publisher\":{\"@id\":\"https:\/\/www.rppiscinas.com\/pt\/#organization\"},\"articleSection\":[\"Not\u00edcias Institucionais\",\"Piscina para a Vida\"],\"inLanguage\":\"pt-PT\"},{\"@type\":\"WebPage\",\"@id\":\"https:\/\/www.rppiscinas.com\/pt\/estamos-de-volta\/\",\"url\":\"https:\/\/www.rppiscinas.com\/pt\/estamos-de-volta\/\",\"name\":\"Estamos de volta - Soleo Piscinas\",\"isPartOf\":{\"@id\":\"https:\/\/www.rppiscinas.com\/pt\/#website\"},\"datePublished\":\"2022-09-05T09:00:13+00:00\",\"dateModified\":\"2022-08-26T11:33:33+00:00\",\"breadcrumb\":{\"@id\":\"https:\/\/www.rppiscinas.com\/pt\/estamos-de-volta\/#breadcrumb\"},\"inLanguage\":\"pt-PT\",\"potentialAction\":[{\"@type\":\"ReadAction\",\"target\":[\"https:\/\/www.rppiscinas.com\/pt\/estamos-de-volta\/\"]}]},{\"@type\":\"BreadcrumbList\",\"@id\":\"https:\/\/www.rppiscinas.com\/pt\/estamos-de-volta\/#breadcrumb\",\"itemListElement\":[{\"@type\":\"ListItem\",\"position\":1,\"name\":\"Home\",\"item\":\"https:\/\/www.rppiscinas.com\/pt\/\"},{\"@type\":\"ListItem\",\"position\":2,\"name\":\"Estamos de volta\"}]},{\"@type\":\"WebSite\",\"@id\":\"https:\/\/www.rppiscinas.com\/pt\/#website\",\"url\":\"https:\/\/www.rppiscinas.com\/pt\/\",\"name\":\"Soleo Piscinas\",\"description\":\"Mais do que uma piscina\",\"publisher\":{\"@id\":\"https:\/\/www.rppiscinas.com\/pt\/#organization\"},\"alternateName\":\"Soleo Piscinas\",\"potentialAction\":[{\"@type\":\"SearchAction\",\"target\":{\"@type\":\"EntryPoint\",\"urlTemplate\":\"https:\/\/www.rppiscinas.com\/pt\/?s={search_term_string}\"},\"query-input\":\"required name=search_term_string\"}],\"inLanguage\":\"pt-PT\"},{\"@type\":\"Organization\",\"@id\":\"https:\/\/www.rppiscinas.com\/pt\/#organization\",\"name\":\"Soleo Piscinas\",\"url\":\"https:\/\/www.rppiscinas.com\/pt\/\",\"logo\":{\"@type\":\"ImageObject\",\"inLanguage\":\"pt-PT\",\"@id\":\"https:\/\/www.rppiscinas.com\/pt\/#\/schema\/logo\/image\/\",\"url\":\"https:\/\/www.rppiscinas.com\/pt\/wp-content\/uploads\/2025\/03\/logowebsite-1.png\",\"contentUrl\":\"https:\/\/www.rppiscinas.com\/pt\/wp-content\/uploads\/2025\/03\/logowebsite-1.png\",\"width\":160,\"height\":75,\"caption\":\"Soleo Piscinas\"},\"image\":{\"@id\":\"https:\/\/www.rppiscinas.com\/pt\/#\/schema\/logo\/image\/\"},\"sameAs\":[\"https:\/\/www.facebook.com\/soleopiscinas\",\"https:\/\/www.instagram.com\/soleopiscinas\/\",\"https:\/\/pt.pinterest.com\/soleopiscinas\/\"]},{\"@type\":\"Person\",\"@id\":\"https:\/\/www.rppiscinas.com\/pt\/#\/schema\/person\/ae5fe3a543cd3da0d07d7aef169197ff\",\"name\":\"rpp\",\"image\":{\"@type\":\"ImageObject\",\"inLanguage\":\"pt-PT\",\"@id\":\"https:\/\/www.rppiscinas.com\/pt\/#\/schema\/person\/image\/\",\"url\":\"https:\/\/secure.gravatar.com\/avatar\/4a417b55b256b1027a899ba499f8ad64?s=96&d=mm&r=g\",\"contentUrl\":\"https:\/\/secure.gravatar.com\/avatar\/4a417b55b256b1027a899ba499f8ad64?s=96&d=mm&r=g\",\"caption\":\"rpp\"},\"url\":\"https:\/\/www.rppiscinas.com\/pt\/author\/rpp\/\"}]}<\/script>\n<!-- \/ Yoast SEO plugin. -->","yoast_head_json":{"title":"Estamos de volta - Soleo Piscinas","robots":{"index":"index","follow":"follow","max-snippet":"max-snippet:-1","max-image-preview":"max-image-preview:large","max-video-preview":"max-video-preview:-1"},"canonical":"https:\/\/www.rppiscinas.com\/pt\/estamos-de-volta\/","og_locale":"pt_PT","og_type":"article","og_title":"Estamos de volta - Soleo Piscinas","og_description":"Este ano, entre os dias 22 de agosto e 3\u00a0de setembro, estaremos encerrados para f\u00e9rias. Voltamos ao ativo no dia 5 de setembro, com as energias renovadas e com toda a equipa motivada para lhe proporcionar os melhores produtos e servi\u00e7os.","og_url":"https:\/\/www.rppiscinas.com\/pt\/estamos-de-volta\/","og_site_name":"Soleo Piscinas","article_publisher":"https:\/\/www.facebook.com\/soleopiscinas","article_published_time":"2022-09-05T09:00:13+00:00","article_modified_time":"2022-08-26T11:33:33+00:00","og_image":[{"width":1030,"height":1030,"url":"https:\/\/www.rppiscinas.com\/pt\/wp-content\/uploads\/2022\/08\/Facebook_Soleo_regresso-ao-trabalho-1030x1030.png","type":"image\/png"}],"author":"rpp","twitter_misc":{"Escrito por":"rpp","Tempo estimado de leitura":"3 minutos"},"schema":{"@context":"https:\/\/schema.org","@graph":[{"@type":"Article","@id":"https:\/\/www.rppiscinas.com\/pt\/estamos-de-volta\/#article","isPartOf":{"@id":"https:\/\/www.rppiscinas.com\/pt\/estamos-de-volta\/"},"author":{"name":"rpp","@id":"https:\/\/www.rppiscinas.com\/pt\/#\/schema\/person\/ae5fe3a543cd3da0d07d7aef169197ff"},"headline":"Estamos de volta","datePublished":"2022-09-05T09:00:13+00:00","dateModified":"2022-08-26T11:33:33+00:00","mainEntityOfPage":{"@id":"https:\/\/www.rppiscinas.com\/pt\/estamos-de-volta\/"},"wordCount":674,"publisher":{"@id":"https:\/\/www.rppiscinas.com\/pt\/#organization"},"articleSection":["Not\u00edcias Institucionais","Piscina para a Vida"],"inLanguage":"pt-PT"},{"@type":"WebPage","@id":"https:\/\/www.rppiscinas.com\/pt\/estamos-de-volta\/","url":"https:\/\/www.rppiscinas.com\/pt\/estamos-de-volta\/","name":"Estamos de volta - Soleo Piscinas","isPartOf":{"@id":"https:\/\/www.rppiscinas.com\/pt\/#website"},"datePublished":"2022-09-05T09:00:13+00:00","dateModified":"2022-08-26T11:33:33+00:00","breadcrumb":{"@id":"https:\/\/www.rppiscinas.com\/pt\/estamos-de-volta\/#breadcrumb"},"inLanguage":"pt-PT","potentialAction":[{"@type":"ReadAction","target":["https:\/\/www.rppiscinas.com\/pt\/estamos-de-volta\/"]}]},{"@type":"BreadcrumbList","@id":"https:\/\/www.rppiscinas.com\/pt\/estamos-de-volta\/#breadcrumb","itemListElement":[{"@type":"ListItem","position":1,"name":"Home","item":"https:\/\/www.rppiscinas.com\/pt\/"},{"@type":"ListItem","position":2,"name":"Estamos de volta"}]},{"@type":"WebSite","@id":"https:\/\/www.rppiscinas.com\/pt\/#website","url":"https:\/\/www.rppiscinas.com\/pt\/","name":"Soleo Piscinas","description":"Mais do que uma piscina","publisher":{"@id":"https:\/\/www.rppiscinas.com\/pt\/#organization"},"alternateName":"Soleo Piscinas","potentialAction":[{"@type":"SearchAction","target":{"@type":"EntryPoint","urlTemplate":"https:\/\/www.rppiscinas.com\/pt\/?s={search_term_string}"},"query-input":"required name=search_term_string"}],"inLanguage":"pt-PT"},{"@type":"Organization","@id":"https:\/\/www.rppiscinas.com\/pt\/#organization","name":"Soleo Piscinas","url":"https:\/\/www.rppiscinas.com\/pt\/","logo":{"@type":"ImageObject","inLanguage":"pt-PT","@id":"https:\/\/www.rppiscinas.com\/pt\/#\/schema\/logo\/image\/","url":"https:\/\/www.rppiscinas.com\/pt\/wp-content\/uploads\/2025\/03\/logowebsite-1.png","contentUrl":"https:\/\/www.rppiscinas.com\/pt\/wp-content\/uploads\/2025\/03\/logowebsite-1.png","width":160,"height":75,"caption":"Soleo Piscinas"},"image":{"@id":"https:\/\/www.rppiscinas.com\/pt\/#\/schema\/logo\/image\/"},"sameAs":["https:\/\/www.facebook.com\/soleopiscinas","https:\/\/www.instagram.com\/soleopiscinas\/","https:\/\/pt.pinterest.com\/soleopiscinas\/"]},{"@type":"Person","@id":"https:\/\/www.rppiscinas.com\/pt\/#\/schema\/person\/ae5fe3a543cd3da0d07d7aef169197ff","name":"rpp","image":{"@type":"ImageObject","inLanguage":"pt-PT","@id":"https:\/\/www.rppiscinas.com\/pt\/#\/schema\/person\/image\/","url":"https:\/\/secure.gravatar.com\/avatar\/4a417b55b256b1027a899ba499f8ad64?s=96&d=mm&r=g","contentUrl":"https:\/\/secure.gravatar.com\/avatar\/4a417b55b256b1027a899ba499f8ad64?s=96&d=mm&r=g","caption":"rpp"},"url":"https:\/\/www.rppiscinas.com\/pt\/author\/rpp\/"}]}},"_links":{"self":[{"href":"https:\/\/www.rppiscinas.com\/pt\/wp-json\/wp\/v2\/posts\/15310"}],"collection":[{"href":"https:\/\/www.rppiscinas.com\/pt\/wp-json\/wp\/v2\/posts"}],"about":[{"href":"https:\/\/www.rppiscinas.com\/pt\/wp-json\/wp\/v2\/types\/post"}],"author":[{"embeddable":true,"href":"https:\/\/www.rppiscinas.com\/pt\/wp-json\/wp\/v2\/users\/1"}],"replies":[{"embeddable":true,"href":"https:\/\/www.rppiscinas.com\/pt\/wp-json\/wp\/v2\/comments?post=15310"}],"version-history":[{"count":2,"href":"https:\/\/www.rppiscinas.com\/pt\/wp-json\/wp\/v2\/posts\/15310\/revisions"}],"predecessor-version":[{"id":15313,"href":"https:\/\/www.rppiscinas.com\/pt\/wp-json\/wp\/v2\/posts\/15310\/revisions\/15313"}],"wp:featuredmedia":[{"embeddable":true,"href":"https:\/\/www.rppiscinas.com\/pt\/wp-json\/wp\/v2\/media\/15311"}],"wp:attachment":[{"href":"https:\/\/www.rppiscinas.com\/pt\/wp-json\/wp\/v2\/media?parent=15310"}],"wp:term":[{"taxonomy":"category","embeddable":true,"href":"https:\/\/www.rppiscinas.com\/pt\/wp-json\/wp\/v2\/categories?post=15310"},{"taxonomy":"post_tag","embeddable":true,"href":"https:\/\/www.rppiscinas.com\/pt\/wp-json\/wp\/v2\/tags?post=15310"}],"curies":[{"name":"wp","href":"https:\/\/api.w.org\/{rel}","templated":true}]}}